{"id":20322,"date":"2026-09-03T09:16:02","date_gmt":"2026-09-03T07:16:02","guid":{"rendered":"https:\/\/www.esforin.com\/?p=20322"},"modified":"2026-09-03T09:20:23","modified_gmt":"2026-09-03T07:20:23","slug":"esforin-market-insight-2-aout","status":"publish","type":"post","link":"https:\/\/www.esforin.com\/fr\/esforin-market-insight-august-2\/","title":{"rendered":"ESFORIN MARKET INSIGHT AO\u00dbT"},"content":{"rendered":"<div data-elementor-type=\"wp-post\" data-elementor-id=\"20322\" class=\"elementor elementor-20322\" data-elementor-post-type=\"post\">\n\t\t\t\t\t\t<section class=\"elementor-section elementor-top-section elementor-element elementor-element-120bc98a elementor-section-boxed elementor-section-height-default elementor-section-height-default\" data-id=\"120bc98a\" data-element_type=\"section\" data-e-type=\"section\">\n\t\t\t\t\t\t<div class=\"elementor-container elementor-column-gap-default\">\n\t\t\t\t\t<div class=\"elementor-column elementor-col-100 elementor-top-column elementor-element elementor-element-464bbda4\" data-id=\"464bbda4\" data-element_type=\"column\" data-e-type=\"column\">\n\t\t\t<div class=\"elementor-widget-wrap elementor-element-populated\">\n\t\t\t\t\t\t<div class=\"elementor-element elementor-element-65940f5 elementor-widget elementor-widget-heading\" data-id=\"65940f5\" data-element_type=\"widget\" data-e-type=\"widget\" data-widget_type=\"heading.default\">\n\t\t\t\t\t<h2 class=\"elementor-heading-title elementor-size-default\">Quels ont \u00e9t\u00e9 les chiffres marquants sur les march\u00e9s de l'\u00e9lectricit\u00e9 ce mois-ci ?<\/h2>\t\t\t\t<\/div>\n\t\t\t\t<div class=\"elementor-element elementor-element-6021d988 elementor-widget elementor-widget-text-editor\" data-id=\"6021d988\" data-element_type=\"widget\" data-e-type=\"widget\" data-widget_type=\"text-editor.default\">\n\t\t\t\t\t\t\t\t\t<p><style>\na {\n    text-decoration: none;\n    color: #464feb;\n}\ntr th, tr td {\n    border: 1px solid #e6e6e6;\n}\ntr th {\n    background-color: #f5f5f5;\n}\n<\/style><\/p><div><p>Le mois d'ao\u00fbt a mis \u00e0 rude \u00e9preuve de nombreuses attentes du march\u00e9.<\/p><p>Sur le march\u00e9 de l'\u00e9lectricit\u00e9, de forts pics de prix ont \u00e9t\u00e9 observ\u00e9s plusieurs jours durant en soir\u00e9e, alors que les mois d'\u00e9t\u00e9 sont g\u00e9n\u00e9ralement caract\u00e9ris\u00e9s par une dynamique de march\u00e9 plus calme. M\u00eame l'\u00e9clipse solaire, qui a fait beaucoup parler d'elle, n'a pas pu expliquer enti\u00e8rement ce ph\u00e9nom\u00e8ne, car des fluctuations de prix similaires ont \u00e9galement \u00e9t\u00e9 observ\u00e9es le lendemain. Le tableau d'ensemble est clair : l'Europe manque toujours de la flexibilit\u00e9 n\u00e9cessaire lorsque les conditions m\u00e9t\u00e9orologiques et les sch\u00e9mas de production changent de mani\u00e8re inattendue.<\/p><p>Le march\u00e9 du gaz a lui aussi r\u00e9serv\u00e9 des surprises. Les prix TTF ont grimp\u00e9 vers les 70 \u20ac\/MWh, atteignant ainsi leur plus haut niveau depuis d\u00e9but 2023. Dans le m\u00eame temps, les niveaux de stockage de gaz en Europe, qui s'\u00e9levaient \u00e0 seulement 65 %, \u00e9taient nettement inf\u00e9rieurs \u00e0 ceux de l'ann\u00e9e pr\u00e9c\u00e9dente et \u00e0 la moyenne sur cinq ans.<\/p><p>Alors que le mois d'ao\u00fbt est g\u00e9n\u00e9ralement marqu\u00e9 par une baisse de la demande et des prix stables, il a cette ann\u00e9e connu un rebond estival remarquablement fort.<\/p><\/div>\t\t\t\t\t\t\t\t<\/div>\n\t\t\t\t<div class=\"elementor-element elementor-element-f467693 elementor-widget elementor-widget-spacer\" data-id=\"f467693\" data-element_type=\"widget\" data-e-type=\"widget\" data-widget_type=\"spacer.default\">\n\t\t\t\t\t\t\t<div class=\"elementor-spacer\">\n\t\t\t<div class=\"elementor-spacer-inner\"><\/div>\n\t\t<\/div>\n\t\t\t\t\t\t<\/div>\n\t\t\t\t<div class=\"elementor-element elementor-element-81f21d0 elementor-widget-divider--view-line elementor-widget elementor-widget-divider\" data-id=\"81f21d0\" data-element_type=\"widget\" data-e-type=\"widget\" data-widget_type=\"divider.default\">\n\t\t\t\t\t\t\t<div class=\"elementor-divider\">\n\t\t\t<span class=\"elementor-divider-separator\">\n\t\t\t\t\t\t<\/span>\n\t\t<\/div>\n\t\t\t\t\t\t<\/div>\n\t\t\t\t<div class=\"elementor-element elementor-element-0b06d3d elementor-widget elementor-widget-heading\" data-id=\"0b06d3d\" data-element_type=\"widget\" data-e-type=\"widget\" data-widget_type=\"heading.default\">\n\t\t\t\t\t<h2 class=\"elementor-heading-title elementor-size-default\">Quelles sont les raisons possibles de ce comportement sur le march\u00e9 ?<\/h2>\t\t\t\t<\/div>\n\t\t\t\t<div class=\"elementor-element elementor-element-c671fcf elementor-widget elementor-widget-text-editor\" data-id=\"c671fcf\" data-element_type=\"widget\" data-e-type=\"widget\" data-widget_type=\"text-editor.default\">\n\t\t\t\t\t\t\t\t\t<p><style>\na {\n    text-decoration: none;\n    color: #464feb;\n}\ntr th, tr td {\n    border: 1px solid #e6e6e6;\n}\ntr th {\n    background-color: #f5f5f5;\n}\n<\/style><\/p><div><p>Sur les march\u00e9s de l'\u00e9lectricit\u00e9, un \u00e9t\u00e9 caniculaire et exceptionnellement sec en Europe a entra\u00een\u00e9 une baisse de la production hydro\u00e9lectrique, une sollicitation accrue des centrales conventionnelles et, globalement, une p\u00e9nurie de r\u00e9serves d'approvisionnement. Dans le m\u00eame temps, la demande s'est av\u00e9r\u00e9e plus soutenue que pr\u00e9vu par beaucoup.<\/p><p>Plusieurs facteurs ont jou\u00e9 un r\u00f4le sur le march\u00e9 du gaz :<\/p><ul><li>Restrictions autour du d\u00e9troit d'Ormuz<\/li><li>Pannes impr\u00e9vues et travaux de maintenance en Norv\u00e8ge<\/li><li>Attaques persistantes contre les infrastructures \u00e9nerg\u00e9tiques ukrainiennes<\/li><li>Le remplissage des r\u00e9servoirs en Europe est plus lent que pr\u00e9vu<\/li><li>Une concurrence plus intense avec l'Asie pour les livraisons de GNL en raison de la baisse du spread JKM-TTF<\/li><\/ul><p>&nbsp;<\/p><p>R\u00e9sultat : les march\u00e9s ont r\u00e9agi avec sensibilit\u00e9 \u00e0 toute perturbation potentielle de l'approvisionnement. La \u201e zone de confort \u201c des derni\u00e8res ann\u00e9es semble dispara\u00eetre progressivement.<\/p><\/div>\t\t\t\t\t\t\t\t<\/div>\n\t\t\t\t<div class=\"elementor-element elementor-element-155bba2 elementor-widget elementor-widget-spacer\" data-id=\"155bba2\" data-element_type=\"widget\" data-e-type=\"widget\" data-widget_type=\"spacer.default\">\n\t\t\t\t\t\t\t<div class=\"elementor-spacer\">\n\t\t\t<div class=\"elementor-spacer-inner\"><\/div>\n\t\t<\/div>\n\t\t\t\t\t\t<\/div>\n\t\t\t\t<div class=\"elementor-element elementor-element-f01fe3d elementor-widget-divider--view-line elementor-widget elementor-widget-divider\" data-id=\"f01fe3d\" data-element_type=\"widget\" data-e-type=\"widget\" data-widget_type=\"divider.default\">\n\t\t\t\t\t\t\t<div class=\"elementor-divider\">\n\t\t\t<span class=\"elementor-divider-separator\">\n\t\t\t\t\t\t<\/span>\n\t\t<\/div>\n\t\t\t\t\t\t<\/div>\n\t\t\t\t<div class=\"elementor-element elementor-element-38d889a elementor-widget elementor-widget-heading\" data-id=\"38d889a\" data-element_type=\"widget\" data-e-type=\"widget\" data-widget_type=\"heading.default\">\n\t\t\t\t\t<h2 class=\"elementor-heading-title elementor-size-default\">Qu'attends-tu pour le mois prochain ?<\/h2>\t\t\t\t<\/div>\n\t\t\t\t<div class=\"elementor-element elementor-element-defb354 elementor-widget elementor-widget-text-editor\" data-id=\"defb354\" data-element_type=\"widget\" data-e-type=\"widget\" data-widget_type=\"text-editor.default\">\n\t\t\t\t\t\t\t\t\t<p><style>\na {<br \/>\n    text-decoration: none;<br \/>\n    color: #464feb;<br \/>\n}<br \/>\ntr th, tr td {<br \/>\n    border: 1px solid #e6e6e6;<br \/>\n}<br \/>\ntr th {<br \/>\n    background-color: #f5f5f5;<br \/>\n}<br \/>\n<\/style><\/p><div><p>Pour les march\u00e9s de l'\u00e9lectricit\u00e9, tout d\u00e9pendra de la normalisation ou non des conditions m\u00e9t\u00e9orologiques. Les pr\u00e9cipitations permettront-elles de remplir \u00e0 nouveau les r\u00e9servoirs et de faire remonter le niveau des cours d'eau, soulagant ainsi la production et les infrastructures ? Ou bien cette volatilit\u00e9 accrue deviendra-t-elle la nouvelle norme ?<\/p><p>Sur le march\u00e9 du gaz, les tensions g\u00e9opolitiques entre l'Iran et les \u00c9tats-Unis restent le principal facteur d'influence. \u00c0 l'approche de la saison de chauffage, l'attention reste focalis\u00e9e sur le niveau de remplissage des stocks. Une escalade au Proche-Orient, de nouvelles interruptions d\u2019approvisionnement en Norv\u00e8ge ou une hausse de la demande de GNL en provenance d\u2019Asie pourraient toutefois faire grimper encore davantage les primes de risque.<\/p><p>Une chose est apparue clairement en ao\u00fbt : les march\u00e9s de l'\u00e9lectricit\u00e9 et du gaz restent extr\u00eamement sensibles \u00e0 l'incertitude et <strong>La flexibilit\u00e9 reste l'un des atouts les plus pr\u00e9cieux des march\u00e9s europ\u00e9ens de l'\u00e9nergie.<\/strong><\/p><\/div>\t\t\t\t\t\t\t\t<\/div>\n\t\t\t\t<div class=\"elementor-element elementor-element-8525963 elementor-widget elementor-widget-spacer\" data-id=\"8525963\" data-element_type=\"widget\" data-e-type=\"widget\" data-widget_type=\"spacer.default\">\n\t\t\t\t\t\t\t<div class=\"elementor-spacer\">\n\t\t\t<div class=\"elementor-spacer-inner\"><\/div>\n\t\t<\/div>\n\t\t\t\t\t\t<\/div>\n\t\t\t\t\t<\/div>\n\t\t<\/div>\n\t\t\t\t\t<\/div>\n\t\t<\/section>\n\t\t\t\t<section class=\"elementor-section elementor-top-section elementor-element elementor-element-bf1f16c elementor-section-boxed elementor-section-height-default elementor-section-height-default\" data-id=\"bf1f16c\" data-element_type=\"section\" data-e-type=\"section\">\n\t\t\t\t\t\t<div class=\"elementor-container elementor-column-gap-default\">\n\t\t\t\t\t<div class=\"elementor-column elementor-col-100 elementor-top-column elementor-element elementor-element-a35810c\" data-id=\"a35810c\" data-element_type=\"column\" data-e-type=\"column\">\n\t\t\t<div class=\"elementor-widget-wrap\">\n\t\t\t\t\t\t\t<\/div>\n\t\t<\/div>\n\t\t\t\t\t<\/div>\n\t\t<\/section>\n\t\t\t\t<\/div>","protected":false},"excerpt":{"rendered":"<p>SURPRISES DE L'\u00c9T\u00c9 | L'analyse de Matthias Mengler sur l'\u00e9volution des march\u00e9s de l'\u00e9nergie en ao\u00fbt :<\/p>","protected":false},"author":2,"featured_media":20324,"comment_status":"closed","ping_status":"closed","sticky":false,"template":"","format":"standard","meta":{"_acf_changed":false,"footnotes":""},"categories":[9],"tags":[],"class_list":["post-20322","post","type-post","status-publish","format-standard","has-post-thumbnail","hentry","category-blog"],"acf":[],"yoast_head":"<!-- This site is optimized with the Yoast SEO plugin v28.3 - https:\/\/yoast.com\/product\/yoast-seo-wordpress\/ -->\n<title>ESFORIN MARKET INSIGHT AUGUST - ESFORIN<\/title>\n<meta name=\"description\" content=\"Markteinblicke mit ESFORIN-Experten! Wir haben unseren Experten gebeten, \u00fcber die Dynamik des Strommarktes im Augusr zu reflektieren.\" \/>\n<meta name=\"robots\" content=\"index, follow, max-snippet:-1, max-image-preview:large, max-video-preview:-1\" \/>\n<link rel=\"canonical\" href=\"https:\/\/www.esforin.com\/fr\/esforin-market-insight-2-aout\/\" \/>\n<meta property=\"og:locale\" content=\"fr_FR\" \/>\n<meta property=\"og:type\" content=\"article\" \/>\n<meta property=\"og:title\" content=\"ESFORIN MARKET INSIGHT AUGUST - ESFORIN\" \/>\n<meta property=\"og:description\" content=\"Markteinblicke mit ESFORIN-Experten! Wir haben unseren Experten gebeten, \u00fcber die Dynamik des Strommarktes im Augusr zu reflektieren.\" \/>\n<meta property=\"og:url\" content=\"https:\/\/www.esforin.com\/fr\/esforin-market-insight-2-aout\/\" \/>\n<meta property=\"og:site_name\" content=\"ESFORIN\" \/>\n<meta property=\"article:published_time\" content=\"2026-09-03T07:16:02+00:00\" \/>\n<meta property=\"article:modified_time\" content=\"2026-09-03T07:20:23+00:00\" \/>\n<meta property=\"og:image\" content=\"https:\/\/www.esforin.com\/wp-content\/uploads\/2026\/09\/LinkedIn_MarketReview_August2026.jpg\" \/>\n\t<meta property=\"og:image:width\" content=\"800\" \/>\n\t<meta property=\"og:image:height\" content=\"800\" \/>\n\t<meta property=\"og:image:type\" content=\"image\/jpeg\" \/>\n<meta name=\"author\" content=\"Theodorah Trah\" \/>\n<meta name=\"twitter:card\" content=\"summary_large_image\" \/>\n<meta name=\"twitter:label1\" content=\"\u00c9crit par\" \/>\n\t<meta name=\"twitter:data1\" content=\"Theodorah Trah\" \/>\n\t<meta name=\"twitter:label2\" content=\"Dur\u00e9e de lecture estim\u00e9e\" \/>\n\t<meta name=\"twitter:data2\" content=\"3 minutes\" \/>\n<script type=\"application\/ld+json\" class=\"yoast-schema-graph\">{\"@context\":\"https:\\\/\\\/schema.org\",\"@graph\":[{\"@type\":\"Article\",\"@id\":\"https:\\\/\\\/www.esforin.com\\\/esforin-market-insight-august-2\\\/#article\",\"isPartOf\":{\"@id\":\"https:\\\/\\\/www.esforin.com\\\/esforin-market-insight-august-2\\\/\"},\"author\":{\"name\":\"Theodorah Trah\",\"@id\":\"https:\\\/\\\/www.esforin.com\\\/#\\\/schema\\\/person\\\/cb18cf2db18556886235206f35877a05\"},\"headline\":\"ESFORIN MARKET INSIGHT AUGUST\",\"datePublished\":\"2026-09-03T07:16:02+00:00\",\"dateModified\":\"2026-09-03T07:20:23+00:00\",\"mainEntityOfPage\":{\"@id\":\"https:\\\/\\\/www.esforin.com\\\/esforin-market-insight-august-2\\\/\"},\"wordCount\":404,\"publisher\":{\"@id\":\"https:\\\/\\\/www.esforin.com\\\/#organization\"},\"image\":{\"@id\":\"https:\\\/\\\/www.esforin.com\\\/esforin-market-insight-august-2\\\/#primaryimage\"},\"thumbnailUrl\":\"https:\\\/\\\/www.esforin.com\\\/wp-content\\\/uploads\\\/2026\\\/09\\\/LinkedIn_MarketReview_August2026.jpg\",\"articleSection\":[\"Blog\"],\"inLanguage\":\"fr-FR\"},{\"@type\":\"WebPage\",\"@id\":\"https:\\\/\\\/www.esforin.com\\\/esforin-market-insight-august-2\\\/\",\"url\":\"https:\\\/\\\/www.esforin.com\\\/esforin-market-insight-august-2\\\/\",\"name\":\"ESFORIN MARKET INSIGHT AUGUST - ESFORIN\",\"isPartOf\":{\"@id\":\"https:\\\/\\\/www.esforin.com\\\/#website\"},\"primaryImageOfPage\":{\"@id\":\"https:\\\/\\\/www.esforin.com\\\/esforin-market-insight-august-2\\\/#primaryimage\"},\"image\":{\"@id\":\"https:\\\/\\\/www.esforin.com\\\/esforin-market-insight-august-2\\\/#primaryimage\"},\"thumbnailUrl\":\"https:\\\/\\\/www.esforin.com\\\/wp-content\\\/uploads\\\/2026\\\/09\\\/LinkedIn_MarketReview_August2026.jpg\",\"datePublished\":\"2026-09-03T07:16:02+00:00\",\"dateModified\":\"2026-09-03T07:20:23+00:00\",\"description\":\"Markteinblicke mit ESFORIN-Experten! Wir haben unseren Experten gebeten, \u00fcber die Dynamik des Strommarktes im Augusr zu reflektieren.\",\"breadcrumb\":{\"@id\":\"https:\\\/\\\/www.esforin.com\\\/esforin-market-insight-august-2\\\/#breadcrumb\"},\"inLanguage\":\"fr-FR\",\"potentialAction\":[{\"@type\":\"ReadAction\",\"target\":[\"https:\\\/\\\/www.esforin.com\\\/esforin-market-insight-august-2\\\/\"]}]},{\"@type\":\"ImageObject\",\"inLanguage\":\"fr-FR\",\"@id\":\"https:\\\/\\\/www.esforin.com\\\/esforin-market-insight-august-2\\\/#primaryimage\",\"url\":\"https:\\\/\\\/www.esforin.com\\\/wp-content\\\/uploads\\\/2026\\\/09\\\/LinkedIn_MarketReview_August2026.jpg\",\"contentUrl\":\"https:\\\/\\\/www.esforin.com\\\/wp-content\\\/uploads\\\/2026\\\/09\\\/LinkedIn_MarketReview_August2026.jpg\",\"width\":800,\"height\":800},{\"@type\":\"BreadcrumbList\",\"@id\":\"https:\\\/\\\/www.esforin.com\\\/esforin-market-insight-august-2\\\/#breadcrumb\",\"itemListElement\":[{\"@type\":\"ListItem\",\"position\":1,\"name\":\"Startseite\",\"item\":\"https:\\\/\\\/www.esforin.com\\\/\"},{\"@type\":\"ListItem\",\"position\":2,\"name\":\"ESFORIN MARKET INSIGHT AUGUST\"}]},{\"@type\":\"WebSite\",\"@id\":\"https:\\\/\\\/www.esforin.com\\\/#website\",\"url\":\"https:\\\/\\\/www.esforin.com\\\/\",\"name\":\"ESFORIN\",\"description\":\"\",\"publisher\":{\"@id\":\"https:\\\/\\\/www.esforin.com\\\/#organization\"},\"potentialAction\":[{\"@type\":\"SearchAction\",\"target\":{\"@type\":\"EntryPoint\",\"urlTemplate\":\"https:\\\/\\\/www.esforin.com\\\/?s={search_term_string}\"},\"query-input\":{\"@type\":\"PropertyValueSpecification\",\"valueRequired\":true,\"valueName\":\"search_term_string\"}}],\"inLanguage\":\"fr-FR\"},{\"@type\":\"Organization\",\"@id\":\"https:\\\/\\\/www.esforin.com\\\/#organization\",\"name\":\"ESFORIN\",\"url\":\"https:\\\/\\\/www.esforin.com\\\/\",\"logo\":{\"@type\":\"ImageObject\",\"inLanguage\":\"fr-FR\",\"@id\":\"https:\\\/\\\/www.esforin.com\\\/#\\\/schema\\\/logo\\\/image\\\/\",\"url\":\"https:\\\/\\\/www.esforin.com\\\/wp-content\\\/uploads\\\/2025\\\/08\\\/esforin_logo.svg\",\"contentUrl\":\"https:\\\/\\\/www.esforin.com\\\/wp-content\\\/uploads\\\/2025\\\/08\\\/esforin_logo.svg\",\"width\":208,\"height\":55,\"caption\":\"ESFORIN\"},\"image\":{\"@id\":\"https:\\\/\\\/www.esforin.com\\\/#\\\/schema\\\/logo\\\/image\\\/\"}},{\"@type\":\"Person\",\"@id\":\"https:\\\/\\\/www.esforin.com\\\/#\\\/schema\\\/person\\\/cb18cf2db18556886235206f35877a05\",\"name\":\"Theodorah Trah\",\"image\":{\"@type\":\"ImageObject\",\"inLanguage\":\"fr-FR\",\"@id\":\"https:\\\/\\\/secure.gravatar.com\\\/avatar\\\/2fe67fa6e3431997b6bcd745a190e53e9aba2231f4bf6b2f14c90d70581cff1a?s=96&d=mm&r=g\",\"url\":\"https:\\\/\\\/secure.gravatar.com\\\/avatar\\\/2fe67fa6e3431997b6bcd745a190e53e9aba2231f4bf6b2f14c90d70581cff1a?s=96&d=mm&r=g\",\"contentUrl\":\"https:\\\/\\\/secure.gravatar.com\\\/avatar\\\/2fe67fa6e3431997b6bcd745a190e53e9aba2231f4bf6b2f14c90d70581cff1a?s=96&d=mm&r=g\",\"caption\":\"Theodorah Trah\"},\"url\":\"https:\\\/\\\/www.esforin.com\\\/fr\\\/author\\\/theodorah-trah\\\/\"}]}<\/script>\n<!-- \/ Yoast SEO plugin. -->","yoast_head_json":{"title":"ESFORIN MARKET INSIGHT AO\u00dbT - ESFORIN","description":"Analyses du march\u00e9 avec les experts d'ESFORIN ! Nous avons demand\u00e9 \u00e0 nos experts de nous faire part de leurs r\u00e9flexions sur la dynamique du march\u00e9 de l'\u00e9lectricit\u00e9 au mois d'ao\u00fbt.","robots":{"index":"index","follow":"follow","max-snippet":"max-snippet:-1","max-image-preview":"max-image-preview:large","max-video-preview":"max-video-preview:-1"},"canonical":"https:\/\/www.esforin.com\/fr\/esforin-market-insight-2-aout\/","og_locale":"fr_FR","og_type":"article","og_title":"ESFORIN MARKET INSIGHT AUGUST - ESFORIN","og_description":"Markteinblicke mit ESFORIN-Experten! Wir haben unseren Experten gebeten, \u00fcber die Dynamik des Strommarktes im Augusr zu reflektieren.","og_url":"https:\/\/www.esforin.com\/fr\/esforin-market-insight-2-aout\/","og_site_name":"ESFORIN","article_published_time":"2026-09-03T07:16:02+00:00","article_modified_time":"2026-09-03T07:20:23+00:00","og_image":[{"width":800,"height":800,"url":"https:\/\/www.esforin.com\/wp-content\/uploads\/2026\/09\/LinkedIn_MarketReview_August2026.jpg","type":"image\/jpeg"}],"author":"Theodorah Trah","twitter_card":"summary_large_image","twitter_misc":{"\u00c9crit par":"Theodorah Trah","Dur\u00e9e de lecture estim\u00e9e":"3 minutes"},"schema":{"@context":"https:\/\/schema.org","@graph":[{"@type":"Article","@id":"https:\/\/www.esforin.com\/esforin-market-insight-august-2\/#article","isPartOf":{"@id":"https:\/\/www.esforin.com\/esforin-market-insight-august-2\/"},"author":{"name":"Theodorah Trah","@id":"https:\/\/www.esforin.com\/#\/schema\/person\/cb18cf2db18556886235206f35877a05"},"headline":"ESFORIN MARKET INSIGHT AUGUST","datePublished":"2026-09-03T07:16:02+00:00","dateModified":"2026-09-03T07:20:23+00:00","mainEntityOfPage":{"@id":"https:\/\/www.esforin.com\/esforin-market-insight-august-2\/"},"wordCount":404,"publisher":{"@id":"https:\/\/www.esforin.com\/#organization"},"image":{"@id":"https:\/\/www.esforin.com\/esforin-market-insight-august-2\/#primaryimage"},"thumbnailUrl":"https:\/\/www.esforin.com\/wp-content\/uploads\/2026\/09\/LinkedIn_MarketReview_August2026.jpg","articleSection":["Blog"],"inLanguage":"fr-FR"},{"@type":"WebPage","@id":"https:\/\/www.esforin.com\/esforin-market-insight-august-2\/","url":"https:\/\/www.esforin.com\/esforin-market-insight-august-2\/","name":"ESFORIN MARKET INSIGHT AO\u00dbT - ESFORIN","isPartOf":{"@id":"https:\/\/www.esforin.com\/#website"},"primaryImageOfPage":{"@id":"https:\/\/www.esforin.com\/esforin-market-insight-august-2\/#primaryimage"},"image":{"@id":"https:\/\/www.esforin.com\/esforin-market-insight-august-2\/#primaryimage"},"thumbnailUrl":"https:\/\/www.esforin.com\/wp-content\/uploads\/2026\/09\/LinkedIn_MarketReview_August2026.jpg","datePublished":"2026-09-03T07:16:02+00:00","dateModified":"2026-09-03T07:20:23+00:00","description":"Analyses du march\u00e9 avec les experts d'ESFORIN ! Nous avons demand\u00e9 \u00e0 nos experts de nous faire part de leurs r\u00e9flexions sur la dynamique du march\u00e9 de l'\u00e9lectricit\u00e9 au mois d'ao\u00fbt.","breadcrumb":{"@id":"https:\/\/www.esforin.com\/esforin-market-insight-august-2\/#breadcrumb"},"inLanguage":"fr-FR","potentialAction":[{"@type":"ReadAction","target":["https:\/\/www.esforin.com\/esforin-market-insight-august-2\/"]}]},{"@type":"ImageObject","inLanguage":"fr-FR","@id":"https:\/\/www.esforin.com\/esforin-market-insight-august-2\/#primaryimage","url":"https:\/\/www.esforin.com\/wp-content\/uploads\/2026\/09\/LinkedIn_MarketReview_August2026.jpg","contentUrl":"https:\/\/www.esforin.com\/wp-content\/uploads\/2026\/09\/LinkedIn_MarketReview_August2026.jpg","width":800,"height":800},{"@type":"BreadcrumbList","@id":"https:\/\/www.esforin.com\/esforin-market-insight-august-2\/#breadcrumb","itemListElement":[{"@type":"ListItem","position":1,"name":"Startseite","item":"https:\/\/www.esforin.com\/"},{"@type":"ListItem","position":2,"name":"ESFORIN MARKET INSIGHT AUGUST"}]},{"@type":"WebSite","@id":"https:\/\/www.esforin.com\/#website","url":"https:\/\/www.esforin.com\/","name":"ESFORIN","description":"","publisher":{"@id":"https:\/\/www.esforin.com\/#organization"},"potentialAction":[{"@type":"SearchAction","target":{"@type":"EntryPoint","urlTemplate":"https:\/\/www.esforin.com\/?s={search_term_string}"},"query-input":{"@type":"PropertyValueSpecification","valueRequired":true,"valueName":"search_term_string"}}],"inLanguage":"fr-FR"},{"@type":"Organization","@id":"https:\/\/www.esforin.com\/#organization","name":"ESFORIN","url":"https:\/\/www.esforin.com\/","logo":{"@type":"ImageObject","inLanguage":"fr-FR","@id":"https:\/\/www.esforin.com\/#\/schema\/logo\/image\/","url":"https:\/\/www.esforin.com\/wp-content\/uploads\/2025\/08\/esforin_logo.svg","contentUrl":"https:\/\/www.esforin.com\/wp-content\/uploads\/2025\/08\/esforin_logo.svg","width":208,"height":55,"caption":"ESFORIN"},"image":{"@id":"https:\/\/www.esforin.com\/#\/schema\/logo\/image\/"}},{"@type":"Person","@id":"https:\/\/www.esforin.com\/#\/schema\/person\/cb18cf2db18556886235206f35877a05","name":"Theodorah Trah","image":{"@type":"ImageObject","inLanguage":"fr-FR","@id":"https:\/\/secure.gravatar.com\/avatar\/2fe67fa6e3431997b6bcd745a190e53e9aba2231f4bf6b2f14c90d70581cff1a?s=96&d=mm&r=g","url":"https:\/\/secure.gravatar.com\/avatar\/2fe67fa6e3431997b6bcd745a190e53e9aba2231f4bf6b2f14c90d70581cff1a?s=96&d=mm&r=g","contentUrl":"https:\/\/secure.gravatar.com\/avatar\/2fe67fa6e3431997b6bcd745a190e53e9aba2231f4bf6b2f14c90d70581cff1a?s=96&d=mm&r=g","caption":"Theodorah Trah"},"url":"https:\/\/www.esforin.com\/fr\/author\/theodorah-trah\/"}]}},"_links":{"self":[{"href":"https:\/\/www.esforin.com\/fr\/wp-json\/wp\/v2\/posts\/20322","targetHints":{"allow":["GET"]}}],"collection":[{"href":"https:\/\/www.esforin.com\/fr\/wp-json\/wp\/v2\/posts"}],"about":[{"href":"https:\/\/www.esforin.com\/fr\/wp-json\/wp\/v2\/types\/post"}],"author":[{"embeddable":true,"href":"https:\/\/www.esforin.com\/fr\/wp-json\/wp\/v2\/users\/2"}],"replies":[{"embeddable":true,"href":"https:\/\/www.esforin.com\/fr\/wp-json\/wp\/v2\/comments?post=20322"}],"version-history":[{"count":7,"href":"https:\/\/www.esforin.com\/fr\/wp-json\/wp\/v2\/posts\/20322\/revisions"}],"predecessor-version":[{"id":20330,"href":"https:\/\/www.esforin.com\/fr\/wp-json\/wp\/v2\/posts\/20322\/revisions\/20330"}],"wp:featuredmedia":[{"embeddable":true,"href":"https:\/\/www.esforin.com\/fr\/wp-json\/wp\/v2\/media\/20324"}],"wp:attachment":[{"href":"https:\/\/www.esforin.com\/fr\/wp-json\/wp\/v2\/media?parent=20322"}],"wp:term":[{"taxonomy":"category","embeddable":true,"href":"https:\/\/www.esforin.com\/fr\/wp-json\/wp\/v2\/categories?post=20322"},{"taxonomy":"post_tag","embeddable":true,"href":"https:\/\/www.esforin.com\/fr\/wp-json\/wp\/v2\/tags?post=20322"}],"curies":[{"name":"wp","href":"https:\/\/api.w.org\/{rel}","templated":true}]}}